
{"id":94459,"date":"2026-06-07T10:11:07","date_gmt":"2026-06-07T13:11:07","guid":{"rendered":"https:\/\/www.visualturismo.com.br\/?p=94459"},"modified":"2026-07-22T15:07:34","modified_gmt":"2026-07-22T18:07:34","slug":"reveillon","status":"publish","type":"post","link":"https:\/\/www.visualturismo.com.br\/reveillon\/","title":{"rendered":"#010 R\u00e9veillon 2026\/2027"},"content":{"rendered":"<h1 style=\"text-align: center;\" data-section-id=\"pm232v\" data-start=\"6\" data-end=\"61\">Destinos internacionais para uma virada inesquec\u00edvel<\/h1>\n<p>&nbsp;<\/p>\n<p><img fetchpriority=\"high\" decoding=\"async\" class=\"wp-image-94463 aligncenter\" src=\"https:\/\/www.visualturismo.com.br\/wp-content\/uploads\/2026\/07\/shutterstock_2627346963_11zon-300x200.jpg\" alt=\"\" width=\"711\" height=\"474\" srcset=\"https:\/\/www.visualturismo.com.br\/wp-content\/uploads\/2026\/07\/shutterstock_2627346963_11zon-300x200.jpg 300w, https:\/\/www.visualturismo.com.br\/wp-content\/uploads\/2026\/07\/shutterstock_2627346963_11zon-1024x683.jpg 1024w, https:\/\/www.visualturismo.com.br\/wp-content\/uploads\/2026\/07\/shutterstock_2627346963_11zon-768x512.jpg 768w, https:\/\/www.visualturismo.com.br\/wp-content\/uploads\/2026\/07\/shutterstock_2627346963_11zon-1536x1024.jpg 1536w, https:\/\/www.visualturismo.com.br\/wp-content\/uploads\/2026\/07\/shutterstock_2627346963_11zon-2048x1366.jpg 2048w\" sizes=\"(max-width: 711px) 100vw, 711px\" \/><\/p>\n<p class=\"PDq2pG_selectionAnchorContainer\" data-start=\"96\" data-end=\"233\">O fim de ano \u00e9 um dos per\u00edodos mais disputados do turismo internacional, e os melhores hot\u00e9is costumam esgotar com meses de anteced\u00eancia.<\/p>\n<p data-start=\"235\" data-end=\"464\">Pensando nisso, selecionamos alguns dos destinos mais desejados para celebrar a chegada de 2027, reunindo experi\u00eancias exclusivas, hotelaria de excel\u00eancia e condi\u00e7\u00f5es especiais para inspirar as pr\u00f3ximas viagens dos seus clientes.<\/p>\n<h2 class=\"PDq2pG_selectionAnchorContainer\" data-section-id=\"uop1ak\" data-start=\"471\" data-end=\"482\">MALDIVAS<\/h2>\n<p data-start=\"484\" data-end=\"710\">Um cl\u00e1ssico para quem sonha em passar a virada em um cen\u00e1rio paradis\u00edaco. Bangal\u00f4s sobre as \u00e1guas cristalinas, praias de areia branca e experi\u00eancias gastron\u00f4micas fazem das Maldivas um dos destinos mais desejados da temporada.<\/p>\n<p data-start=\"712\" data-end=\"745\"><strong data-start=\"712\" data-end=\"745\">Anantara Veli Maldives Resort<\/strong><\/p>\n<p data-start=\"747\" data-end=\"782\"><strong data-start=\"747\" data-end=\"782\">A partir de R$ 4.263 por pessoa<\/strong><\/p>\n<p data-start=\"784\" data-end=\"851\"><strong data-start=\"784\" data-end=\"796\">Incluso:<\/strong> Caf\u00e9 da manh\u00e3 e traslado privativo de chegada e sa\u00edda.<\/p>\n<h2 data-section-id=\"1ob0oza\" data-start=\"702\" data-end=\"715\"><img decoding=\"async\" class=\"wp-image-94461 aligncenter\" src=\"https:\/\/www.visualturismo.com.br\/wp-content\/uploads\/2026\/07\/shutterstock_2812316179_11zon-300x300.jpg\" alt=\"\" width=\"718\" height=\"718\" srcset=\"https:\/\/www.visualturismo.com.br\/wp-content\/uploads\/2026\/07\/shutterstock_2812316179_11zon-300x300.jpg 300w, https:\/\/www.visualturismo.com.br\/wp-content\/uploads\/2026\/07\/shutterstock_2812316179_11zon-1024x1024.jpg 1024w, https:\/\/www.visualturismo.com.br\/wp-content\/uploads\/2026\/07\/shutterstock_2812316179_11zon-150x150.jpg 150w, https:\/\/www.visualturismo.com.br\/wp-content\/uploads\/2026\/07\/shutterstock_2812316179_11zon-768x768.jpg 768w, https:\/\/www.visualturismo.com.br\/wp-content\/uploads\/2026\/07\/shutterstock_2812316179_11zon-1536x1536.jpg 1536w, https:\/\/www.visualturismo.com.br\/wp-content\/uploads\/2026\/07\/shutterstock_2812316179_11zon-2048x2048.jpg 2048w\" sizes=\"(max-width: 718px) 100vw, 718px\" \/><\/h2>\n<p>&nbsp;<\/p>\n<h2 class=\"PDq2pG_selectionAnchorContainer\" data-section-id=\"18rx98y\" data-start=\"858\" data-end=\"871\">SEYCHELLES<\/h2>\n<p data-start=\"873\" data-end=\"1035\">Natureza preservada, praias intocadas e hot\u00e9is exclusivos fazem de Seychelles uma excelente op\u00e7\u00e3o para quem busca sofistica\u00e7\u00e3o e tranquilidade para come\u00e7ar o ano.<\/p>\n<p data-start=\"1037\" data-end=\"1068\"><strong data-start=\"1037\" data-end=\"1068\">Kempinski Seychelles Resort<\/strong><\/p>\n<p data-start=\"1070\" data-end=\"1105\"><strong data-start=\"1070\" data-end=\"1105\">A partir de R$ 2.587 por pessoa<\/strong><\/p>\n<p data-start=\"1107\" data-end=\"1174\"><strong data-start=\"1107\" data-end=\"1119\">Incluso:<\/strong> Caf\u00e9 da manh\u00e3 e traslado privativo de chegada e sa\u00edda.<\/p>\n<p data-start=\"1107\" data-end=\"1174\"><img decoding=\"async\" class=\"wp-image-94464 aligncenter\" src=\"https:\/\/www.visualturismo.com.br\/wp-content\/uploads\/2026\/07\/shutterstock_2673293723_11zon-300x169.jpg\" alt=\"\" width=\"714\" height=\"402\" srcset=\"https:\/\/www.visualturismo.com.br\/wp-content\/uploads\/2026\/07\/shutterstock_2673293723_11zon-300x169.jpg 300w, https:\/\/www.visualturismo.com.br\/wp-content\/uploads\/2026\/07\/shutterstock_2673293723_11zon-1024x576.jpg 1024w, https:\/\/www.visualturismo.com.br\/wp-content\/uploads\/2026\/07\/shutterstock_2673293723_11zon-768x432.jpg 768w, https:\/\/www.visualturismo.com.br\/wp-content\/uploads\/2026\/07\/shutterstock_2673293723_11zon-1536x864.jpg 1536w, https:\/\/www.visualturismo.com.br\/wp-content\/uploads\/2026\/07\/shutterstock_2673293723_11zon-2048x1152.jpg 2048w\" sizes=\"(max-width: 714px) 100vw, 714px\" \/><\/p>\n<h2 data-section-id=\"1oo4c98\" data-start=\"1181\" data-end=\"1202\"><\/h2>\n<p>&nbsp;<\/p>\n<h2 class=\"PDq2pG_selectionAnchorContainer\" data-section-id=\"1oo4c98\" data-start=\"1181\" data-end=\"1202\">LOS CABOS | M\u00c9XICO<\/h2>\n<p data-start=\"1204\" data-end=\"1378\">Entre o deserto e o Mar de Cortez, Los Cabos re\u00fane hot\u00e9is de alto padr\u00e3o, gastronomia assinada por grandes chefs e experi\u00eancias exclusivas para uma virada de ano sofisticada.<\/p>\n<p data-start=\"1380\" data-end=\"1398\"><strong data-start=\"1380\" data-end=\"1398\">Nobu Los Cabos<\/strong><\/p>\n<p data-start=\"1400\" data-end=\"1435\"><strong data-start=\"1400\" data-end=\"1435\">A partir de R$ 2.625 por pessoa<\/strong><\/p>\n<p data-start=\"1437\" data-end=\"1504\"><strong data-start=\"1437\" data-end=\"1449\">Incluso:<\/strong> Caf\u00e9 da manh\u00e3 e traslado privativo de chegada e sa\u00edda.<\/p>\n<p data-start=\"1437\" data-end=\"1504\"><img loading=\"lazy\" decoding=\"async\" class=\"wp-image-94465 aligncenter\" src=\"https:\/\/www.visualturismo.com.br\/wp-content\/uploads\/2026\/07\/shutterstock_2373102911_11zon-300x169.jpg\" alt=\"\" width=\"705\" height=\"397\" srcset=\"https:\/\/www.visualturismo.com.br\/wp-content\/uploads\/2026\/07\/shutterstock_2373102911_11zon-300x169.jpg 300w, https:\/\/www.visualturismo.com.br\/wp-content\/uploads\/2026\/07\/shutterstock_2373102911_11zon-1024x576.jpg 1024w, https:\/\/www.visualturismo.com.br\/wp-content\/uploads\/2026\/07\/shutterstock_2373102911_11zon-768x432.jpg 768w, https:\/\/www.visualturismo.com.br\/wp-content\/uploads\/2026\/07\/shutterstock_2373102911_11zon-1536x864.jpg 1536w, https:\/\/www.visualturismo.com.br\/wp-content\/uploads\/2026\/07\/shutterstock_2373102911_11zon-2048x1152.jpg 2048w\" sizes=\"(max-width: 705px) 100vw, 705px\" \/><\/p>\n<h2 data-section-id=\"yyod8j\" data-start=\"1511\" data-end=\"1528\"><\/h2>\n<h2 class=\"PDq2pG_selectionAnchorContainer\" data-section-id=\"yyod8j\" data-start=\"1511\" data-end=\"1528\">RIVIERA MAYA | M\u00c9XICO<\/h2>\n<p data-start=\"1541\" data-end=\"1693\">Praias paradis\u00edacas, cenotes, resorts all inclusive e uma atmosfera vibrante fazem da Riviera Maya um dos destinos favoritos para o R\u00e9veillon no Caribe.<\/p>\n<p data-start=\"1695\" data-end=\"1724\"><strong data-start=\"1695\" data-end=\"1724\">UNICO 20\u00b087\u00b0 Riviera Maya<\/strong><\/p>\n<p data-start=\"1726\" data-end=\"1761\"><strong data-start=\"1726\" data-end=\"1761\">A partir de R$ 2.499 por pessoa<\/strong><\/p>\n<p data-start=\"1763\" data-end=\"1830\"><strong data-start=\"1763\" data-end=\"1775\">Incluso:<\/strong> Caf\u00e9 da manh\u00e3 e traslado privativo de chegada e sa\u00edda.<\/p>\n<p data-start=\"1763\" data-end=\"1830\"><img loading=\"lazy\" decoding=\"async\" class=\"wp-image-94466 aligncenter\" src=\"https:\/\/www.visualturismo.com.br\/wp-content\/uploads\/2026\/07\/shutterstock_1956007453_11zon-300x165.jpg\" alt=\"\" width=\"704\" height=\"387\" srcset=\"https:\/\/www.visualturismo.com.br\/wp-content\/uploads\/2026\/07\/shutterstock_1956007453_11zon-300x165.jpg 300w, https:\/\/www.visualturismo.com.br\/wp-content\/uploads\/2026\/07\/shutterstock_1956007453_11zon-1024x564.jpg 1024w, https:\/\/www.visualturismo.com.br\/wp-content\/uploads\/2026\/07\/shutterstock_1956007453_11zon-768x423.jpg 768w, https:\/\/www.visualturismo.com.br\/wp-content\/uploads\/2026\/07\/shutterstock_1956007453_11zon-1536x847.jpg 1536w, https:\/\/www.visualturismo.com.br\/wp-content\/uploads\/2026\/07\/shutterstock_1956007453_11zon-2048x1129.jpg 2048w\" sizes=\"(max-width: 704px) 100vw, 704px\" \/><\/p>\n<h2 data-section-id=\"1fc46b0\" data-start=\"1837\" data-end=\"1883\"><\/h2>\n<h2 class=\"PDq2pG_selectionAnchorContainer\" data-section-id=\"1fc46b0\" data-start=\"1837\" data-end=\"1883\">PLANEJE AGORA O R\u00c9VEILLON DOS SEUS CLIENTES!<\/h2>\n<p data-start=\"1885\" data-end=\"2030\">Os destinos de fim de ano est\u00e3o entre os mais procurados do calend\u00e1rio internacional, e as melhores op\u00e7\u00f5es costumam ter disponibilidade limitada.<\/p>\n<p data-start=\"2032\" data-end=\"2170\">Nossa equipe est\u00e1 pronta para desenvolver roteiros personalizados e auxiliar na escolha da experi\u00eancia ideal para cada perfil de viajante.<\/p>\n<h6 data-start=\"2218\" data-end=\"2684\"><em data-start=\"2218\" data-end=\"2684\" data-is-last-node=\"\">As tarifas s\u00e3o v\u00e1lidas para o per\u00edodo de 27 de dezembro de 2026 a 03 de janeiro de 2027, por pessoa, em apartamento duplo, e incluem traslado privativo de chegada e sa\u00edda do aeroporto principal (m\u00ednimo de 2 passageiros viajando juntos). Os valores foram calculados com base em c\u00e2mbio de refer\u00eancia de 13\/07\/2026 (Euro: R$ 6,13 | D\u00f3lar: R$ 5,33) e est\u00e3o sujeitos \u00e0 disponibilidade, altera\u00e7\u00e3o sem aviso pr\u00e9vio e varia\u00e7\u00e3o cambial no momento da confirma\u00e7\u00e3o da reserva.<\/em><\/h6>\n","protected":false},"excerpt":{"rendered":"<p>Destinos internacionais para uma virada inesquec\u00edvel &nbsp; O fim de ano \u00e9 um dos per\u00edodos mais disputados do turismo internacional, e os melhores hot\u00e9is costumam esgotar com meses de anteced\u00eancia. Pensando nisso, selecionamos alguns dos destinos mais desejados para celebrar a chegada de 2027, reunindo experi\u00eancias exclusivas, hotelaria de excel\u00eancia e condi\u00e7\u00f5es especiais para inspirar as pr\u00f3ximas viagens dos seus clientes. MALDIVAS Um cl\u00e1ssico para quem sonha em passar a virada em um cen\u00e1rio paradis\u00edaco. Bangal\u00f4s sobre as \u00e1guas cristalinas, praias de areia branca e experi\u00eancias gastron\u00f4micas fazem das Maldivas um dos destinos mais desejados da temporada. Anantara Veli Maldives Resort A partir de R$ 4.263 por pessoa Incluso: Caf\u00e9 da manh\u00e3 e traslado privativo de chegada e sa\u00edda. &nbsp; SEYCHELLES Natureza preservada, praias intocadas e hot\u00e9is exclusivos fazem de Seychelles uma excelente op\u00e7\u00e3o para quem busca sofistica\u00e7\u00e3o e tranquilidade para come\u00e7ar o ano. Kempinski Seychelles Resort A partir de R$ 2.587 por pessoa Incluso: Caf\u00e9 da manh\u00e3 e traslado privativo de chegada e sa\u00edda. &nbsp; LOS CABOS | M\u00c9XICO Entre o deserto e o Mar de Cortez, Los Cabos re\u00fane hot\u00e9is de alto padr\u00e3o, gastronomia assinada por grandes chefs e experi\u00eancias exclusivas para uma virada de ano sofisticada. Nobu Los Cabos A partir de R$ 2.625 por pessoa Incluso: Caf\u00e9 da manh\u00e3 e traslado privativo de chegada e sa\u00edda. RIVIERA MAYA | M\u00c9XICO Praias paradis\u00edacas, cenotes, resorts all inclusive e uma atmosfera vibrante fazem da Riviera Maya um dos destinos favoritos para o R\u00e9veillon no Caribe. UNICO 20\u00b087\u00b0 Riviera Maya A partir de R$ 2.499 por pessoa Incluso: Caf\u00e9 da manh\u00e3 e traslado privativo de chegada e sa\u00edda. PLANEJE AGORA O R\u00c9VEILLON DOS SEUS CLIENTES! Os destinos de fim de ano est\u00e3o entre os mais procurados do calend\u00e1rio internacional, e as melhores op\u00e7\u00f5es costumam ter disponibilidade limitada. Nossa equipe est\u00e1 pronta para desenvolver roteiros personalizados e auxiliar na escolha da experi\u00eancia ideal para cada perfil de viajante. As tarifas s\u00e3o v\u00e1lidas para o per\u00edodo de 27 de dezembro de 2026 a 03 de janeiro de 2027, por pessoa, em apartamento duplo, e incluem traslado privativo de chegada e sa\u00edda do aeroporto principal (m\u00ednimo de 2 passageiros viajando juntos). Os valores foram calculados com base em c\u00e2mbio de refer\u00eancia de 13\/07\/2026 (Euro: R$ 6,13 | D\u00f3lar: R$ 5,33) e est\u00e3o sujeitos \u00e0 disponibilidade, altera\u00e7\u00e3o sem aviso pr\u00e9vio e varia\u00e7\u00e3o cambial no momento da confirma\u00e7\u00e3o da reserva.<\/p>\n","protected":false},"author":124,"featured_media":94463,"comment_status":"open","ping_status":"open","sticky":false,"template":"","format":"standard","meta":{"_acf_changed":false,"footnotes":""},"categories":[352],"tags":[],"class_list":["post-94459","post","type-post","status-publish","format-standard","has-post-thumbnail","hentry","category-prime"],"acf":[],"yoast_head":"<!-- This site is optimized with the Yoast SEO plugin v28.1 - https:\/\/yoast.com\/product\/yoast-seo-wordpress\/ -->\n<title>#010 R\u00e9veillon 2026\/2027 - Visual Turismo<\/title>\n<meta name=\"description\" content=\"Saiba qual Maldivas combina mais com o seu cliente e ofere\u00e7a o melhor do prime e exclusividade desse destino maravilhoso.\" \/>\n<meta name=\"robots\" content=\"index, follow, max-snippet:-1, max-image-preview:large, max-video-preview:-1\" \/>\n<link rel=\"canonical\" href=\"https:\/\/www.visualturismo.com.br\/reveillon\/\" \/>\n<meta property=\"og:locale\" content=\"pt_BR\" \/>\n<meta property=\"og:type\" content=\"article\" \/>\n<meta property=\"og:title\" content=\"#010 R\u00e9veillon 2026\/2027 - Visual Turismo\" \/>\n<meta property=\"og:description\" content=\"Saiba qual Maldivas combina mais com o seu cliente e ofere\u00e7a o melhor do prime e exclusividade desse destino maravilhoso.\" \/>\n<meta property=\"og:url\" content=\"https:\/\/www.visualturismo.com.br\/reveillon\/\" \/>\n<meta property=\"og:site_name\" content=\"Visual Turismo\" \/>\n<meta property=\"article:published_time\" content=\"2026-06-07T13:11:07+00:00\" \/>\n<meta property=\"article:modified_time\" content=\"2026-07-22T18:07:34+00:00\" \/>\n<meta property=\"og:image\" content=\"https:\/\/www.visualturismo.com.br\/wp-content\/uploads\/2026\/07\/shutterstock_2627346963_11zon-scaled.jpg\" \/>\n\t<meta property=\"og:image:width\" content=\"2560\" \/>\n\t<meta property=\"og:image:height\" content=\"1707\" \/>\n\t<meta property=\"og:image:type\" content=\"image\/jpeg\" \/>\n<meta name=\"author\" content=\"ADM Marketing\" \/>\n<meta name=\"twitter:card\" content=\"summary_large_image\" \/>\n<meta name=\"twitter:label1\" content=\"Escrito por\" \/>\n\t<meta name=\"twitter:data1\" content=\"ADM Marketing\" \/>\n\t<meta name=\"twitter:label2\" content=\"Est. tempo de leitura\" \/>\n\t<meta name=\"twitter:data2\" content=\"4 minutos\" \/>\n<script type=\"application\/ld+json\" class=\"yoast-schema-graph\">{\"@context\":\"https:\\\/\\\/schema.org\",\"@graph\":[{\"@type\":\"Article\",\"@id\":\"https:\\\/\\\/www.visualturismo.com.br\\\/reveillon\\\/#article\",\"isPartOf\":{\"@id\":\"https:\\\/\\\/www.visualturismo.com.br\\\/reveillon\\\/\"},\"author\":{\"name\":\"ADM Marketing\",\"@id\":\"https:\\\/\\\/www.visualturismo.com.br\\\/#\\\/schema\\\/person\\\/7f2bd81ccd788e8fc2d3f05f35f485db\"},\"headline\":\"#010 R\u00e9veillon 2026\\\/2027\",\"datePublished\":\"2026-06-07T13:11:07+00:00\",\"dateModified\":\"2026-07-22T18:07:34+00:00\",\"mainEntityOfPage\":{\"@id\":\"https:\\\/\\\/www.visualturismo.com.br\\\/reveillon\\\/\"},\"wordCount\":427,\"commentCount\":0,\"publisher\":{\"@id\":\"https:\\\/\\\/www.visualturismo.com.br\\\/#organization\"},\"image\":{\"@id\":\"https:\\\/\\\/www.visualturismo.com.br\\\/reveillon\\\/#primaryimage\"},\"thumbnailUrl\":\"https:\\\/\\\/www.visualturismo.com.br\\\/wp-content\\\/uploads\\\/2026\\\/07\\\/shutterstock_2627346963_11zon-scaled.jpg\",\"articleSection\":[\"Prime\"],\"inLanguage\":\"pt-BR\",\"potentialAction\":[{\"@type\":\"CommentAction\",\"name\":\"Comment\",\"target\":[\"https:\\\/\\\/www.visualturismo.com.br\\\/reveillon\\\/#respond\"]}]},{\"@type\":\"WebPage\",\"@id\":\"https:\\\/\\\/www.visualturismo.com.br\\\/reveillon\\\/\",\"url\":\"https:\\\/\\\/www.visualturismo.com.br\\\/reveillon\\\/\",\"name\":\"#010 R\u00e9veillon 2026\\\/2027 - Visual Turismo\",\"isPartOf\":{\"@id\":\"https:\\\/\\\/www.visualturismo.com.br\\\/#website\"},\"primaryImageOfPage\":{\"@id\":\"https:\\\/\\\/www.visualturismo.com.br\\\/reveillon\\\/#primaryimage\"},\"image\":{\"@id\":\"https:\\\/\\\/www.visualturismo.com.br\\\/reveillon\\\/#primaryimage\"},\"thumbnailUrl\":\"https:\\\/\\\/www.visualturismo.com.br\\\/wp-content\\\/uploads\\\/2026\\\/07\\\/shutterstock_2627346963_11zon-scaled.jpg\",\"datePublished\":\"2026-06-07T13:11:07+00:00\",\"dateModified\":\"2026-07-22T18:07:34+00:00\",\"description\":\"Saiba qual Maldivas combina mais com o seu cliente e ofere\u00e7a o melhor do prime e exclusividade desse destino maravilhoso.\",\"breadcrumb\":{\"@id\":\"https:\\\/\\\/www.visualturismo.com.br\\\/reveillon\\\/#breadcrumb\"},\"inLanguage\":\"pt-BR\",\"potentialAction\":[{\"@type\":\"ReadAction\",\"target\":[\"https:\\\/\\\/www.visualturismo.com.br\\\/reveillon\\\/\"]}]},{\"@type\":\"ImageObject\",\"inLanguage\":\"pt-BR\",\"@id\":\"https:\\\/\\\/www.visualturismo.com.br\\\/reveillon\\\/#primaryimage\",\"url\":\"https:\\\/\\\/www.visualturismo.com.br\\\/wp-content\\\/uploads\\\/2026\\\/07\\\/shutterstock_2627346963_11zon-scaled.jpg\",\"contentUrl\":\"https:\\\/\\\/www.visualturismo.com.br\\\/wp-content\\\/uploads\\\/2026\\\/07\\\/shutterstock_2627346963_11zon-scaled.jpg\",\"width\":2560,\"height\":1707},{\"@type\":\"BreadcrumbList\",\"@id\":\"https:\\\/\\\/www.visualturismo.com.br\\\/reveillon\\\/#breadcrumb\",\"itemListElement\":[{\"@type\":\"ListItem\",\"position\":1,\"name\":\"In\u00edcio\",\"item\":\"https:\\\/\\\/www.visualturismo.com.br\\\/\"},{\"@type\":\"ListItem\",\"position\":2,\"name\":\"#010 R\u00e9veillon 2026\\\/2027\"}]},{\"@type\":\"WebSite\",\"@id\":\"https:\\\/\\\/www.visualturismo.com.br\\\/#website\",\"url\":\"https:\\\/\\\/www.visualturismo.com.br\\\/\",\"name\":\"Visual Turismo\",\"description\":\"Site de Viagens de Roteiros Nacionais e Internacionais\",\"publisher\":{\"@id\":\"https:\\\/\\\/www.visualturismo.com.br\\\/#organization\"},\"potentialAction\":[{\"@type\":\"SearchAction\",\"target\":{\"@type\":\"EntryPoint\",\"urlTemplate\":\"https:\\\/\\\/www.visualturismo.com.br\\\/?s={search_term_string}\"},\"query-input\":{\"@type\":\"PropertyValueSpecification\",\"valueRequired\":true,\"valueName\":\"search_term_string\"}}],\"inLanguage\":\"pt-BR\"},{\"@type\":\"Organization\",\"@id\":\"https:\\\/\\\/www.visualturismo.com.br\\\/#organization\",\"name\":\"Visual Turismo\",\"url\":\"https:\\\/\\\/www.visualturismo.com.br\\\/\",\"logo\":{\"@type\":\"ImageObject\",\"inLanguage\":\"pt-BR\",\"@id\":\"https:\\\/\\\/www.visualturismo.com.br\\\/#\\\/schema\\\/logo\\\/image\\\/\",\"url\":\"https:\\\/\\\/www.visualturismo.com.br\\\/wp-content\\\/uploads\\\/2023\\\/09\\\/Logo_VisualTurismo_Horizontal_Branco.png\",\"contentUrl\":\"https:\\\/\\\/www.visualturismo.com.br\\\/wp-content\\\/uploads\\\/2023\\\/09\\\/Logo_VisualTurismo_Horizontal_Branco.png\",\"width\":1203,\"height\":401,\"caption\":\"Visual Turismo\"},\"image\":{\"@id\":\"https:\\\/\\\/www.visualturismo.com.br\\\/#\\\/schema\\\/logo\\\/image\\\/\"}},{\"@type\":\"Person\",\"@id\":\"https:\\\/\\\/www.visualturismo.com.br\\\/#\\\/schema\\\/person\\\/7f2bd81ccd788e8fc2d3f05f35f485db\",\"name\":\"ADM Marketing\",\"image\":{\"@type\":\"ImageObject\",\"inLanguage\":\"pt-BR\",\"@id\":\"https:\\\/\\\/secure.gravatar.com\\\/avatar\\\/f269f1ba4d50c1c9fd0b422d5ec07e5f7d0f29ac74ba01b8e3791be7bd70c5c6?s=96&d=mm&r=g\",\"url\":\"https:\\\/\\\/secure.gravatar.com\\\/avatar\\\/f269f1ba4d50c1c9fd0b422d5ec07e5f7d0f29ac74ba01b8e3791be7bd70c5c6?s=96&d=mm&r=g\",\"contentUrl\":\"https:\\\/\\\/secure.gravatar.com\\\/avatar\\\/f269f1ba4d50c1c9fd0b422d5ec07e5f7d0f29ac74ba01b8e3791be7bd70c5c6?s=96&d=mm&r=g\",\"caption\":\"ADM Marketing\"},\"url\":\"https:\\\/\\\/www.visualturismo.com.br\\\/index.php\\\/author\\\/mkt_b2bcvccorp-com-br\\\/\"}]}<\/script>\n<!-- \/ Yoast SEO plugin. -->","yoast_head_json":{"title":"#010 R\u00e9veillon 2026\/2027 - Visual Turismo","description":"Saiba qual Maldivas combina mais com o seu cliente e ofere\u00e7a o melhor do prime e exclusividade desse destino maravilhoso.","robots":{"index":"index","follow":"follow","max-snippet":"max-snippet:-1","max-image-preview":"max-image-preview:large","max-video-preview":"max-video-preview:-1"},"canonical":"https:\/\/www.visualturismo.com.br\/reveillon\/","og_locale":"pt_BR","og_type":"article","og_title":"#010 R\u00e9veillon 2026\/2027 - Visual Turismo","og_description":"Saiba qual Maldivas combina mais com o seu cliente e ofere\u00e7a o melhor do prime e exclusividade desse destino maravilhoso.","og_url":"https:\/\/www.visualturismo.com.br\/reveillon\/","og_site_name":"Visual Turismo","article_published_time":"2026-06-07T13:11:07+00:00","article_modified_time":"2026-07-22T18:07:34+00:00","og_image":[{"width":2560,"height":1707,"url":"https:\/\/www.visualturismo.com.br\/wp-content\/uploads\/2026\/07\/shutterstock_2627346963_11zon-scaled.jpg","type":"image\/jpeg"}],"author":"ADM Marketing","twitter_card":"summary_large_image","twitter_misc":{"Escrito por":"ADM Marketing","Est. tempo de leitura":"4 minutos"},"schema":{"@context":"https:\/\/schema.org","@graph":[{"@type":"Article","@id":"https:\/\/www.visualturismo.com.br\/reveillon\/#article","isPartOf":{"@id":"https:\/\/www.visualturismo.com.br\/reveillon\/"},"author":{"name":"ADM Marketing","@id":"https:\/\/www.visualturismo.com.br\/#\/schema\/person\/7f2bd81ccd788e8fc2d3f05f35f485db"},"headline":"#010 R\u00e9veillon 2026\/2027","datePublished":"2026-06-07T13:11:07+00:00","dateModified":"2026-07-22T18:07:34+00:00","mainEntityOfPage":{"@id":"https:\/\/www.visualturismo.com.br\/reveillon\/"},"wordCount":427,"commentCount":0,"publisher":{"@id":"https:\/\/www.visualturismo.com.br\/#organization"},"image":{"@id":"https:\/\/www.visualturismo.com.br\/reveillon\/#primaryimage"},"thumbnailUrl":"https:\/\/www.visualturismo.com.br\/wp-content\/uploads\/2026\/07\/shutterstock_2627346963_11zon-scaled.jpg","articleSection":["Prime"],"inLanguage":"pt-BR","potentialAction":[{"@type":"CommentAction","name":"Comment","target":["https:\/\/www.visualturismo.com.br\/reveillon\/#respond"]}]},{"@type":"WebPage","@id":"https:\/\/www.visualturismo.com.br\/reveillon\/","url":"https:\/\/www.visualturismo.com.br\/reveillon\/","name":"#010 R\u00e9veillon 2026\/2027 - Visual Turismo","isPartOf":{"@id":"https:\/\/www.visualturismo.com.br\/#website"},"primaryImageOfPage":{"@id":"https:\/\/www.visualturismo.com.br\/reveillon\/#primaryimage"},"image":{"@id":"https:\/\/www.visualturismo.com.br\/reveillon\/#primaryimage"},"thumbnailUrl":"https:\/\/www.visualturismo.com.br\/wp-content\/uploads\/2026\/07\/shutterstock_2627346963_11zon-scaled.jpg","datePublished":"2026-06-07T13:11:07+00:00","dateModified":"2026-07-22T18:07:34+00:00","description":"Saiba qual Maldivas combina mais com o seu cliente e ofere\u00e7a o melhor do prime e exclusividade desse destino maravilhoso.","breadcrumb":{"@id":"https:\/\/www.visualturismo.com.br\/reveillon\/#breadcrumb"},"inLanguage":"pt-BR","potentialAction":[{"@type":"ReadAction","target":["https:\/\/www.visualturismo.com.br\/reveillon\/"]}]},{"@type":"ImageObject","inLanguage":"pt-BR","@id":"https:\/\/www.visualturismo.com.br\/reveillon\/#primaryimage","url":"https:\/\/www.visualturismo.com.br\/wp-content\/uploads\/2026\/07\/shutterstock_2627346963_11zon-scaled.jpg","contentUrl":"https:\/\/www.visualturismo.com.br\/wp-content\/uploads\/2026\/07\/shutterstock_2627346963_11zon-scaled.jpg","width":2560,"height":1707},{"@type":"BreadcrumbList","@id":"https:\/\/www.visualturismo.com.br\/reveillon\/#breadcrumb","itemListElement":[{"@type":"ListItem","position":1,"name":"In\u00edcio","item":"https:\/\/www.visualturismo.com.br\/"},{"@type":"ListItem","position":2,"name":"#010 R\u00e9veillon 2026\/2027"}]},{"@type":"WebSite","@id":"https:\/\/www.visualturismo.com.br\/#website","url":"https:\/\/www.visualturismo.com.br\/","name":"Visual Turismo","description":"Site de Viagens de Roteiros Nacionais e Internacionais","publisher":{"@id":"https:\/\/www.visualturismo.com.br\/#organization"},"potentialAction":[{"@type":"SearchAction","target":{"@type":"EntryPoint","urlTemplate":"https:\/\/www.visualturismo.com.br\/?s={search_term_string}"},"query-input":{"@type":"PropertyValueSpecification","valueRequired":true,"valueName":"search_term_string"}}],"inLanguage":"pt-BR"},{"@type":"Organization","@id":"https:\/\/www.visualturismo.com.br\/#organization","name":"Visual Turismo","url":"https:\/\/www.visualturismo.com.br\/","logo":{"@type":"ImageObject","inLanguage":"pt-BR","@id":"https:\/\/www.visualturismo.com.br\/#\/schema\/logo\/image\/","url":"https:\/\/www.visualturismo.com.br\/wp-content\/uploads\/2023\/09\/Logo_VisualTurismo_Horizontal_Branco.png","contentUrl":"https:\/\/www.visualturismo.com.br\/wp-content\/uploads\/2023\/09\/Logo_VisualTurismo_Horizontal_Branco.png","width":1203,"height":401,"caption":"Visual Turismo"},"image":{"@id":"https:\/\/www.visualturismo.com.br\/#\/schema\/logo\/image\/"}},{"@type":"Person","@id":"https:\/\/www.visualturismo.com.br\/#\/schema\/person\/7f2bd81ccd788e8fc2d3f05f35f485db","name":"ADM Marketing","image":{"@type":"ImageObject","inLanguage":"pt-BR","@id":"https:\/\/secure.gravatar.com\/avatar\/f269f1ba4d50c1c9fd0b422d5ec07e5f7d0f29ac74ba01b8e3791be7bd70c5c6?s=96&d=mm&r=g","url":"https:\/\/secure.gravatar.com\/avatar\/f269f1ba4d50c1c9fd0b422d5ec07e5f7d0f29ac74ba01b8e3791be7bd70c5c6?s=96&d=mm&r=g","contentUrl":"https:\/\/secure.gravatar.com\/avatar\/f269f1ba4d50c1c9fd0b422d5ec07e5f7d0f29ac74ba01b8e3791be7bd70c5c6?s=96&d=mm&r=g","caption":"ADM Marketing"},"url":"https:\/\/www.visualturismo.com.br\/index.php\/author\/mkt_b2bcvccorp-com-br\/"}]}},"publishpress_future_action":{"enabled":false,"date":"2026-09-12 03:52:41","action":"change-status","newStatus":"trash","terms":[],"taxonomy":"category","extraData":[]},"publishpress_future_workflow_manual_trigger":{"enabledWorkflows":[]},"_links":{"self":[{"href":"https:\/\/www.visualturismo.com.br\/index.php\/wp-json\/wp\/v2\/posts\/94459","targetHints":{"allow":["GET"]}}],"collection":[{"href":"https:\/\/www.visualturismo.com.br\/index.php\/wp-json\/wp\/v2\/posts"}],"about":[{"href":"https:\/\/www.visualturismo.com.br\/index.php\/wp-json\/wp\/v2\/types\/post"}],"author":[{"embeddable":true,"href":"https:\/\/www.visualturismo.com.br\/index.php\/wp-json\/wp\/v2\/users\/124"}],"replies":[{"embeddable":true,"href":"https:\/\/www.visualturismo.com.br\/index.php\/wp-json\/wp\/v2\/comments?post=94459"}],"version-history":[{"count":5,"href":"https:\/\/www.visualturismo.com.br\/index.php\/wp-json\/wp\/v2\/posts\/94459\/revisions"}],"predecessor-version":[{"id":94471,"href":"https:\/\/www.visualturismo.com.br\/index.php\/wp-json\/wp\/v2\/posts\/94459\/revisions\/94471"}],"wp:featuredmedia":[{"embeddable":true,"href":"https:\/\/www.visualturismo.com.br\/index.php\/wp-json\/wp\/v2\/media\/94463"}],"wp:attachment":[{"href":"https:\/\/www.visualturismo.com.br\/index.php\/wp-json\/wp\/v2\/media?parent=94459"}],"wp:term":[{"taxonomy":"category","embeddable":true,"href":"https:\/\/www.visualturismo.com.br\/index.php\/wp-json\/wp\/v2\/categories?post=94459"},{"taxonomy":"post_tag","embeddable":true,"href":"https:\/\/www.visualturismo.com.br\/index.php\/wp-json\/wp\/v2\/tags?post=94459"}],"curies":[{"name":"wp","href":"https:\/\/api.w.org\/{rel}","templated":true}]}}