
{"id":94537,"date":"2026-06-07T10:09:27","date_gmt":"2026-06-07T13:09:27","guid":{"rendered":"https:\/\/www.visualturismo.com.br\/?p=94537"},"modified":"2026-07-28T17:16:12","modified_gmt":"2026-07-28T20:16:12","slug":"carmel","status":"publish","type":"post","link":"https:\/\/www.visualturismo.com.br\/indexphp\/%25postname\/carmel\/","title":{"rendered":"#012 Venda Carmel"},"content":{"rendered":"<h1 style=\"text-align: center;\" data-section-id=\"pm232v\" data-start=\"6\" data-end=\"61\">Venda Carmel. Viva Carmel!<\/h1>\n<p>&nbsp;<\/p>\n<p><img fetchpriority=\"high\" decoding=\"async\" class=\"wp-image-94538 aligncenter\" src=\"https:\/\/www.visualturismo.com.br\/wp-content\/uploads\/2026\/07\/LAREIRA-02-1_11zon-240x300.jpg\" alt=\"\" width=\"662\" height=\"827\" srcset=\"https:\/\/www.visualturismo.com.br\/wp-content\/uploads\/2026\/07\/LAREIRA-02-1_11zon-240x300.jpg 240w, https:\/\/www.visualturismo.com.br\/wp-content\/uploads\/2026\/07\/LAREIRA-02-1_11zon-819x1024.jpg 819w, https:\/\/www.visualturismo.com.br\/wp-content\/uploads\/2026\/07\/LAREIRA-02-1_11zon-768x960.jpg 768w, https:\/\/www.visualturismo.com.br\/wp-content\/uploads\/2026\/07\/LAREIRA-02-1_11zon.jpg 1080w\" sizes=\"(max-width: 662px) 100vw, 662px\" \/><\/p>\n<p>&nbsp;<\/p>\n<p class=\"PDq2pG_selectionAnchorContainer\" data-start=\"44\" data-end=\"161\">A Visual Turismo Prime, em parceria com Carmel Hot\u00e9is, preparou uma campanha especial para nossas ag\u00eancias parceiras.<\/p>\n<p data-start=\"163\" data-end=\"289\">Venda os hot\u00e9is Carmel entre <strong data-start=\"192\" data-end=\"222\">27 de julho e 07 de agosto<\/strong> e concorra a uma vaga para um FAM exclusivo pelo litoral do Cear\u00e1.<\/p>\n<h2 data-section-id=\"2bn2ls\" data-start=\"291\" data-end=\"335\"><\/h2>\n<h2 data-section-id=\"2bn2ls\" data-start=\"291\" data-end=\"335\"><span role=\"text\"><strong data-start=\"294\" data-end=\"335\">FAMTOUR CARMEL + VISUAL TURISMO PRIME<\/strong><\/span><\/h2>\n<p data-start=\"336\" data-end=\"365\"><strong data-start=\"336\" data-end=\"365\">13 a 17 de Setembro, 2026<\/strong><\/p>\n<p data-start=\"367\" data-end=\"536\">Uma experi\u00eancia para conhecer de perto tr\u00eas propriedades Carmel Hot\u00e9is e vivenciar os diferenciais que fazem da rede uma refer\u00eancia em hospitalidade no litoral cearense.<\/p>\n<p data-start=\"367\" data-end=\"536\"><img decoding=\"async\" class=\"wp-image-94539 aligncenter\" src=\"https:\/\/www.visualturismo.com.br\/wp-content\/uploads\/2026\/07\/VISTA-PANORA\u2560eMICA-AE\u2560uREA-1-240x300.jpg\" alt=\"\" width=\"692\" height=\"865\" srcset=\"https:\/\/www.visualturismo.com.br\/wp-content\/uploads\/2026\/07\/VISTA-PANORA\u2560eMICA-AE\u2560uREA-1-240x300.jpg 240w, https:\/\/www.visualturismo.com.br\/wp-content\/uploads\/2026\/07\/VISTA-PANORA\u2560eMICA-AE\u2560uREA-1-819x1024.jpg 819w, https:\/\/www.visualturismo.com.br\/wp-content\/uploads\/2026\/07\/VISTA-PANORA\u2560eMICA-AE\u2560uREA-1-768x960.jpg 768w, https:\/\/www.visualturismo.com.br\/wp-content\/uploads\/2026\/07\/VISTA-PANORA\u2560eMICA-AE\u2560uREA-1.jpg 1080w\" sizes=\"(max-width: 692px) 100vw, 692px\" \/><\/p>\n<h2 data-section-id=\"jia4zs\" data-start=\"538\" data-end=\"573\"><\/h2>\n<h2 data-section-id=\"jia4zs\" data-start=\"538\" data-end=\"573\"><\/h2>\n<h2 data-section-id=\"jia4zs\" data-start=\"538\" data-end=\"573\"><span role=\"text\"><strong data-start=\"540\" data-end=\"573\">UMA EXPERI\u00caNCIA. TR\u00caS CARMEL.<\/strong><\/span><\/h2>\n<h2 data-section-id=\"11vxs4p\" data-start=\"575\" data-end=\"611\"><span role=\"text\"><strong data-start=\"578\" data-end=\"611\">CARMEL TA\u00cdBA EXCLUSIVE RESORT<\/strong><\/span><\/h2>\n<p data-start=\"613\" data-end=\"782\">Uma experi\u00eancia para conhecer de perto tr\u00eas propriedades Carmel Hot\u00e9is e vivenciar os diferenciais que fazem da rede uma refer\u00eancia em hospitalidade no litoral cearense.<\/p>\n<p data-start=\"613\" data-end=\"782\"><img decoding=\"async\" class=\"wp-image-94540 aligncenter\" src=\"https:\/\/www.visualturismo.com.br\/wp-content\/uploads\/2026\/07\/VISTAS-02-1_11zon-240x300.png\" alt=\"\" width=\"677\" height=\"846\" srcset=\"https:\/\/www.visualturismo.com.br\/wp-content\/uploads\/2026\/07\/VISTAS-02-1_11zon-240x300.png 240w, https:\/\/www.visualturismo.com.br\/wp-content\/uploads\/2026\/07\/VISTAS-02-1_11zon-819x1024.png 819w, https:\/\/www.visualturismo.com.br\/wp-content\/uploads\/2026\/07\/VISTAS-02-1_11zon-768x960.png 768w, https:\/\/www.visualturismo.com.br\/wp-content\/uploads\/2026\/07\/VISTAS-02-1_11zon.png 1080w\" sizes=\"(max-width: 677px) 100vw, 677px\" \/><\/p>\n<h2 data-section-id=\"1hyay7w\" data-start=\"784\" data-end=\"812\"><\/h2>\n<h2 data-section-id=\"1hyay7w\" data-start=\"784\" data-end=\"812\"><\/h2>\n<h2 data-section-id=\"1hyay7w\" data-start=\"784\" data-end=\"812\"><span role=\"text\"><strong data-start=\"787\" data-end=\"812\">CARMEL CUMBUCO RESORT<\/strong><\/span><\/h2>\n<p data-start=\"814\" data-end=\"959\">Conforto e estrutura completa em um dos destinos mais conhecidos do Cear\u00e1, com uma atmosfera descontra\u00edda e privilegiada localiza\u00e7\u00e3o \u00e0 beira-mar.<\/p>\n<p data-start=\"814\" data-end=\"959\"><img loading=\"lazy\" decoding=\"async\" class=\"wp-image-94541 aligncenter\" src=\"https:\/\/www.visualturismo.com.br\/wp-content\/uploads\/2026\/07\/CUMBUCO-216-2_11zon-240x300.png\" alt=\"\" width=\"666\" height=\"833\" srcset=\"https:\/\/www.visualturismo.com.br\/wp-content\/uploads\/2026\/07\/CUMBUCO-216-2_11zon-240x300.png 240w, https:\/\/www.visualturismo.com.br\/wp-content\/uploads\/2026\/07\/CUMBUCO-216-2_11zon-819x1024.png 819w, https:\/\/www.visualturismo.com.br\/wp-content\/uploads\/2026\/07\/CUMBUCO-216-2_11zon-768x960.png 768w, https:\/\/www.visualturismo.com.br\/wp-content\/uploads\/2026\/07\/CUMBUCO-216-2_11zon-1229x1536.png 1229w, https:\/\/www.visualturismo.com.br\/wp-content\/uploads\/2026\/07\/CUMBUCO-216-2_11zon-1638x2048.png 1638w, https:\/\/www.visualturismo.com.br\/wp-content\/uploads\/2026\/07\/CUMBUCO-216-2_11zon-scaled.png 2048w\" sizes=\"(max-width: 666px) 100vw, 666px\" \/><\/p>\n<h2 data-section-id=\"gruugc\" data-start=\"961\" data-end=\"988\"><\/h2>\n<h2 data-section-id=\"gruugc\" data-start=\"961\" data-end=\"988\"><\/h2>\n<h2 data-section-id=\"gruugc\" data-start=\"961\" data-end=\"988\"><span role=\"text\"><strong data-start=\"964\" data-end=\"988\">CARMEL CHARME RESORT<\/strong><\/span><\/h2>\n<p data-start=\"990\" data-end=\"1122\">Um resort intimista, p\u00e9 na areia e cercado pela natureza, perfeito para quem busca tranquilidade, conforto e experi\u00eancias especiais.<\/p>\n<p data-start=\"990\" data-end=\"1122\"><img loading=\"lazy\" decoding=\"async\" class=\"wp-image-94542 aligncenter\" src=\"https:\/\/www.visualturismo.com.br\/wp-content\/uploads\/2026\/07\/PISCINA-3-1_11zon-240x300.png\" alt=\"\" width=\"670\" height=\"838\" srcset=\"https:\/\/www.visualturismo.com.br\/wp-content\/uploads\/2026\/07\/PISCINA-3-1_11zon-240x300.png 240w, https:\/\/www.visualturismo.com.br\/wp-content\/uploads\/2026\/07\/PISCINA-3-1_11zon-819x1024.png 819w, https:\/\/www.visualturismo.com.br\/wp-content\/uploads\/2026\/07\/PISCINA-3-1_11zon-768x960.png 768w, https:\/\/www.visualturismo.com.br\/wp-content\/uploads\/2026\/07\/PISCINA-3-1_11zon.png 1080w\" sizes=\"(max-width: 670px) 100vw, 670px\" \/><\/p>\n<h2 data-section-id=\"8g3eth\" data-start=\"1124\" data-end=\"1151\"><\/h2>\n<h2 data-section-id=\"8g3eth\" data-start=\"1124\" data-end=\"1151\"><\/h2>\n<h2 data-section-id=\"8g3eth\" data-start=\"1124\" data-end=\"1151\"><span role=\"text\"><strong data-start=\"1126\" data-end=\"1151\">O QUE ESPERA POR VOC\u00ca<\/strong><\/span><\/h2>\n<h3 data-section-id=\"n2m9th\" data-start=\"1153\" data-end=\"1182\"><span role=\"text\"><strong data-start=\"1157\" data-end=\"1182\">A EXPERI\u00caNCIA INCLUI:<\/strong><\/span><\/h3>\n<ul data-start=\"1183\" data-end=\"1581\">\n<li data-section-id=\"13e3795\" data-start=\"1183\" data-end=\"1249\">2 noites no Carmel Ta\u00edba Exclusive Resort, em acomoda\u00e7\u00e3o single;<\/li>\n<li data-section-id=\"1rp675o\" data-start=\"1250\" data-end=\"1307\">2 noites no Carmel Charme Resort, em acomoda\u00e7\u00e3o single;<\/li>\n<li data-section-id=\"58eq55\" data-start=\"1308\" data-end=\"1351\">Visita e almo\u00e7o no Carmel Cumbuco Resort;<\/li>\n<li data-section-id=\"oab7ms\" data-start=\"1352\" data-end=\"1423\">Caf\u00e9s da manh\u00e3 e experi\u00eancias gastron\u00f4micas previstas na programa\u00e7\u00e3o;<\/li>\n<li data-section-id=\"ehudd0\" data-start=\"1424\" data-end=\"1460\">Visitas t\u00e9cnicas aos tr\u00eas resorts;<\/li>\n<li data-section-id=\"10pil5f\" data-start=\"1461\" data-end=\"1503\">Experi\u00eancia de piquenique ao p\u00f4r do sol;<\/li>\n<li data-section-id=\"8ltbon\" data-start=\"1504\" data-end=\"1581\">Traslados previstos na programa\u00e7\u00e3o, incluindo chegada e sa\u00edda de Fortaleza.<\/li>\n<\/ul>\n<p>&nbsp;<\/p>\n<h2 data-section-id=\"1vwbee4\" data-start=\"1583\" data-end=\"1605\"><span role=\"text\"><strong data-start=\"1586\" data-end=\"1605\">COMO PARTICIPAR<\/strong><\/span><\/h2>\n<p data-start=\"1607\" data-end=\"1763\">Durante o per\u00edodo da campanha, de <strong data-start=\"1641\" data-end=\"1658\">27\/07 a 07\/08<\/strong>, todas as reservas Carmel realizadas e confirmadas atrav\u00e9s da Visual Turismo Prime ser\u00e3o contabilizadas.<\/p>\n<p data-start=\"1765\" data-end=\"1927\">Ao final da campanha, as <strong data-start=\"1790\" data-end=\"1804\">5 ag\u00eancias<\/strong> com o maior volume financeiro em vendas confirmadas ser\u00e3o convidadas para participar do FAM Carmel + Visual Turismo Prime.<\/p>\n<h2 data-section-id=\"1oviw0j\" data-start=\"1929\" data-end=\"1964\"><\/h2>\n<h2 data-section-id=\"1oviw0j\" data-start=\"1929\" data-end=\"1964\"><span role=\"text\"><strong data-start=\"1931\" data-end=\"1964\">VENDA, ENCANTE E VIVA CARMEL.<\/strong><\/span><\/h2>\n<p data-start=\"1966\" data-end=\"2166\">Com a Visual Turismo Prime, suas vendas Carmel valem ainda mais: benef\u00edcios exclusivos para seus clientes, consultoria especializada para voc\u00ea e a chance de conhecer os resorts em um famtrip especial.<\/p>\n<p data-start=\"2168\" data-end=\"2210\"><strong data-start=\"2168\" data-end=\"2210\"><a class=\"decorated-link cursor-pointer\" rel=\"noopener\" data-start=\"2170\" data-end=\"2208\">atendimento.prime@visualturismo.com.br<\/a><\/strong><\/p>\n<p data-start=\"2212\" data-end=\"2252\"><strong data-start=\"2212\" data-end=\"2230\">(11) 4090-1777<\/strong> | <strong data-start=\"2233\" data-end=\"2252\">(11) 94493-7564<\/strong><\/p>\n<h6 data-section-id=\"ufq1td\" data-start=\"2349\" data-end=\"2378\"><\/h6>\n<h6 class=\"PDq2pG_selectionAnchorContainer\" data-section-id=\"ufq1td\" data-start=\"2349\" data-end=\"2378\"><span role=\"text\"><strong data-start=\"2353\" data-end=\"2378\">CONDI\u00c7\u00d5ES DA CAMPANHA<\/strong><\/span><\/h6>\n<ul data-start=\"2379\" data-end=\"3339\" data-is-last-node=\"\" data-is-only-node=\"\">\n<li data-section-id=\"1p2ooow\" data-start=\"2379\" data-end=\"2483\">\n<h6>Campanha v\u00e1lida para reservas de tr\u00eas hot\u00e9is Carmel realizadas e confirmadas entre 27\/07 e 07\/08\/2026.<\/h6>\n<\/li>\n<li data-section-id=\"vb7oym\" data-start=\"2484\" data-end=\"2622\">\n<h6>As 5 ag\u00eancias com maior volume financeiro em vendas confirmadas no per\u00edodo ser\u00e3o as vencedoras, com direito a 1 vaga no FAM por ag\u00eancia.<\/h6>\n<\/li>\n<li data-section-id=\"hgbah0\" data-start=\"2623\" data-end=\"2743\">\n<h6>Em caso de empate, ser\u00e1 considerada a maior reserva confirmada e, persistindo o empate, a reserva confirmada primeiro.<\/h6>\n<\/li>\n<li data-section-id=\"1882y9h\" data-start=\"2744\" data-end=\"2790\">\n<h6>Reservas n\u00e3o emitidas ou n\u00e3o contabilizadas.<\/h6>\n<\/li>\n<li data-section-id=\"wc8w0j\" data-start=\"2791\" data-end=\"2975\">\n<h6>A vaga \u00e9 destinada \u00e0 profissional da ag\u00eancia, mediante disponibilidade e aceite da ag\u00eancia da viagem. Em caso de desist\u00eancia, a vaga poder\u00e1 ser cedida \u00e0 pr\u00f3xima ag\u00eancia classificada.<\/h6>\n<\/li>\n<li data-section-id=\"ljbz72\" data-start=\"2976\" data-end=\"3129\">\n<h6>O FAM contempla os servi\u00e7os previstos na programa\u00e7\u00e3o oficial. O a\u00e9reo at\u00e9 Fortaleza n\u00e3o est\u00e1 inclu\u00eddo, mas poder\u00e1 ser cotado pela Visual Turismo Prime.<\/h6>\n<\/li>\n<li data-section-id=\"1hs9l8q\" data-start=\"3130\" data-end=\"3339\" data-is-last-node=\"\">\n<h6>O traslado de chegada ser\u00e1 do Fortaleza (FOR) ao hotel, com in\u00edcio no dia 17\/09, recomendando voos a partir das 13h. Voos incompletos com essa log\u00edstica exigir\u00e3o traslado adicional por conta do participante.<\/h6>\n<\/li>\n<\/ul>\n","protected":false},"excerpt":{"rendered":"<p>Venda Carmel. Viva Carmel! &nbsp; &nbsp; A Visual Turismo Prime, em parceria com Carmel Hot\u00e9is, preparou uma campanha especial para nossas ag\u00eancias parceiras. Venda os hot\u00e9is Carmel entre 27 de julho e 07 de agosto e concorra a uma vaga para um FAM exclusivo pelo litoral do Cear\u00e1. FAMTOUR CARMEL + VISUAL TURISMO PRIME 13 a 17 de Setembro, 2026 Uma experi\u00eancia para conhecer de perto tr\u00eas propriedades Carmel Hot\u00e9is e vivenciar os diferenciais que fazem da rede uma refer\u00eancia em hospitalidade no litoral cearense. UMA EXPERI\u00caNCIA. TR\u00caS CARMEL. CARMEL TA\u00cdBA EXCLUSIVE RESORT Uma experi\u00eancia para conhecer de perto tr\u00eas propriedades Carmel Hot\u00e9is e vivenciar os diferenciais que fazem da rede uma refer\u00eancia em hospitalidade no litoral cearense. CARMEL CUMBUCO RESORT Conforto e estrutura completa em um dos destinos mais conhecidos do Cear\u00e1, com uma atmosfera descontra\u00edda e privilegiada localiza\u00e7\u00e3o \u00e0 beira-mar. CARMEL CHARME RESORT Um resort intimista, p\u00e9 na areia e cercado pela natureza, perfeito para quem busca tranquilidade, conforto e experi\u00eancias especiais. O QUE ESPERA POR VOC\u00ca A EXPERI\u00caNCIA INCLUI: 2 noites no Carmel Ta\u00edba Exclusive Resort, em acomoda\u00e7\u00e3o single; 2 noites no Carmel Charme Resort, em acomoda\u00e7\u00e3o single; Visita e almo\u00e7o no Carmel Cumbuco Resort; Caf\u00e9s da manh\u00e3 e experi\u00eancias gastron\u00f4micas previstas na programa\u00e7\u00e3o; Visitas t\u00e9cnicas aos tr\u00eas resorts; Experi\u00eancia de piquenique ao p\u00f4r do sol; Traslados previstos na programa\u00e7\u00e3o, incluindo chegada e sa\u00edda de Fortaleza. &nbsp; COMO PARTICIPAR Durante o per\u00edodo da campanha, de 27\/07 a 07\/08, todas as reservas Carmel realizadas e confirmadas atrav\u00e9s da Visual Turismo Prime ser\u00e3o contabilizadas. Ao final da campanha, as 5 ag\u00eancias com o maior volume financeiro em vendas confirmadas ser\u00e3o convidadas para participar do FAM Carmel + Visual Turismo Prime. VENDA, ENCANTE E VIVA CARMEL. Com a Visual Turismo Prime, suas vendas Carmel valem ainda mais: benef\u00edcios exclusivos para seus clientes, consultoria especializada para voc\u00ea e a chance de conhecer os resorts em um famtrip especial. atendimento.prime@visualturismo.com.br (11) 4090-1777 | (11) 94493-7564 CONDI\u00c7\u00d5ES DA CAMPANHA Campanha v\u00e1lida para reservas de tr\u00eas hot\u00e9is Carmel realizadas e confirmadas entre 27\/07 e 07\/08\/2026. As 5 ag\u00eancias com maior volume financeiro em vendas confirmadas no per\u00edodo ser\u00e3o as vencedoras, com direito a 1 vaga no FAM por ag\u00eancia. Em caso de empate, ser\u00e1 considerada a maior reserva confirmada e, persistindo o empate, a reserva confirmada primeiro. Reservas n\u00e3o emitidas ou n\u00e3o contabilizadas. A vaga \u00e9 destinada \u00e0 profissional da ag\u00eancia, mediante disponibilidade e aceite da ag\u00eancia da viagem. Em caso de desist\u00eancia, a vaga poder\u00e1 ser cedida \u00e0 pr\u00f3xima ag\u00eancia classificada. O FAM contempla os servi\u00e7os previstos na programa\u00e7\u00e3o oficial. O a\u00e9reo at\u00e9 Fortaleza n\u00e3o est\u00e1 inclu\u00eddo, mas poder\u00e1 ser cotado pela Visual Turismo Prime. O traslado de chegada ser\u00e1 do Fortaleza (FOR) ao hotel, com in\u00edcio no dia 17\/09, recomendando voos a partir das 13h. Voos incompletos com essa log\u00edstica exigir\u00e3o traslado adicional por conta do participante.<\/p>\n","protected":false},"author":124,"featured_media":94544,"comment_status":"open","ping_status":"open","sticky":false,"template":"","format":"standard","meta":{"_acf_changed":false,"footnotes":""},"categories":[352],"tags":[],"class_list":["post-94537","post","type-post","status-publish","format-standard","has-post-thumbnail","hentry","category-prime"],"acf":[],"yoast_head":"<!-- This site is optimized with the Yoast SEO plugin v28.1 - https:\/\/yoast.com\/product\/yoast-seo-wordpress\/ -->\n<title>#012 Venda Carmel - Visual Turismo<\/title>\n<meta name=\"description\" content=\"A Visual Turismo Prime, em parceria com Carmel Hot\u00e9is, preparou uma campanha especial para nossas ag\u00eancias parceiras.\" \/>\n<meta name=\"robots\" content=\"index, follow, max-snippet:-1, max-image-preview:large, max-video-preview:-1\" \/>\n<link rel=\"canonical\" href=\"https:\/\/www.visualturismo.com.br\/indexphp\/%postname\/carmel\/\" \/>\n<meta property=\"og:locale\" content=\"pt_BR\" \/>\n<meta property=\"og:type\" content=\"article\" \/>\n<meta property=\"og:title\" content=\"#012 Venda Carmel - Visual Turismo\" \/>\n<meta property=\"og:description\" content=\"A Visual Turismo Prime, em parceria com Carmel Hot\u00e9is, preparou uma campanha especial para nossas ag\u00eancias parceiras.\" \/>\n<meta property=\"og:url\" content=\"https:\/\/www.visualturismo.com.br\/indexphp\/%postname\/carmel\/\" \/>\n<meta property=\"og:site_name\" content=\"Visual Turismo\" \/>\n<meta property=\"article:published_time\" content=\"2026-06-07T13:09:27+00:00\" \/>\n<meta property=\"article:modified_time\" content=\"2026-07-28T20:16:12+00:00\" \/>\n<meta property=\"og:image\" content=\"https:\/\/www.visualturismo.com.br\/wp-content\/uploads\/2026\/06\/capa_carmel_11zon.jpg\" \/>\n\t<meta property=\"og:image:width\" content=\"2560\" \/>\n\t<meta property=\"og:image:height\" content=\"1709\" \/>\n\t<meta property=\"og:image:type\" content=\"image\/jpeg\" \/>\n<meta name=\"author\" content=\"ADM Marketing\" \/>\n<meta name=\"twitter:card\" content=\"summary_large_image\" \/>\n<meta name=\"twitter:label1\" content=\"Escrito por\" \/>\n\t<meta name=\"twitter:data1\" content=\"ADM Marketing\" \/>\n\t<meta name=\"twitter:label2\" content=\"Est. tempo de leitura\" \/>\n\t<meta name=\"twitter:data2\" content=\"4 minutos\" \/>\n<script type=\"application\/ld+json\" class=\"yoast-schema-graph\">{\"@context\":\"https:\\\/\\\/schema.org\",\"@graph\":[{\"@type\":\"Article\",\"@id\":\"https:\\\/\\\/www.visualturismo.com.br\\\/indexphp\\\/%25postname\\\/carmel\\\/#article\",\"isPartOf\":{\"@id\":\"https:\\\/\\\/www.visualturismo.com.br\\\/indexphp\\\/%25postname\\\/carmel\\\/\"},\"author\":{\"name\":\"ADM Marketing\",\"@id\":\"https:\\\/\\\/www.visualturismo.com.br\\\/#\\\/schema\\\/person\\\/7f2bd81ccd788e8fc2d3f05f35f485db\"},\"headline\":\"#012 Venda Carmel\",\"datePublished\":\"2026-06-07T13:09:27+00:00\",\"dateModified\":\"2026-07-28T20:16:12+00:00\",\"mainEntityOfPage\":{\"@id\":\"https:\\\/\\\/www.visualturismo.com.br\\\/indexphp\\\/%25postname\\\/carmel\\\/\"},\"wordCount\":518,\"commentCount\":0,\"publisher\":{\"@id\":\"https:\\\/\\\/www.visualturismo.com.br\\\/#organization\"},\"image\":{\"@id\":\"https:\\\/\\\/www.visualturismo.com.br\\\/indexphp\\\/%25postname\\\/carmel\\\/#primaryimage\"},\"thumbnailUrl\":\"https:\\\/\\\/www.visualturismo.com.br\\\/wp-content\\\/uploads\\\/2026\\\/06\\\/capa_carmel_11zon.jpg\",\"articleSection\":[\"Prime\"],\"inLanguage\":\"pt-BR\",\"potentialAction\":[{\"@type\":\"CommentAction\",\"name\":\"Comment\",\"target\":[\"https:\\\/\\\/www.visualturismo.com.br\\\/indexphp\\\/%25postname\\\/carmel\\\/#respond\"]}]},{\"@type\":\"WebPage\",\"@id\":\"https:\\\/\\\/www.visualturismo.com.br\\\/indexphp\\\/%25postname\\\/carmel\\\/\",\"url\":\"https:\\\/\\\/www.visualturismo.com.br\\\/indexphp\\\/%25postname\\\/carmel\\\/\",\"name\":\"#012 Venda Carmel - Visual Turismo\",\"isPartOf\":{\"@id\":\"https:\\\/\\\/www.visualturismo.com.br\\\/#website\"},\"primaryImageOfPage\":{\"@id\":\"https:\\\/\\\/www.visualturismo.com.br\\\/indexphp\\\/%25postname\\\/carmel\\\/#primaryimage\"},\"image\":{\"@id\":\"https:\\\/\\\/www.visualturismo.com.br\\\/indexphp\\\/%25postname\\\/carmel\\\/#primaryimage\"},\"thumbnailUrl\":\"https:\\\/\\\/www.visualturismo.com.br\\\/wp-content\\\/uploads\\\/2026\\\/06\\\/capa_carmel_11zon.jpg\",\"datePublished\":\"2026-06-07T13:09:27+00:00\",\"dateModified\":\"2026-07-28T20:16:12+00:00\",\"description\":\"A Visual Turismo Prime, em parceria com Carmel Hot\u00e9is, preparou uma campanha especial para nossas ag\u00eancias parceiras.\",\"breadcrumb\":{\"@id\":\"https:\\\/\\\/www.visualturismo.com.br\\\/indexphp\\\/%25postname\\\/carmel\\\/#breadcrumb\"},\"inLanguage\":\"pt-BR\",\"potentialAction\":[{\"@type\":\"ReadAction\",\"target\":[\"https:\\\/\\\/www.visualturismo.com.br\\\/indexphp\\\/%25postname\\\/carmel\\\/\"]}]},{\"@type\":\"ImageObject\",\"inLanguage\":\"pt-BR\",\"@id\":\"https:\\\/\\\/www.visualturismo.com.br\\\/indexphp\\\/%25postname\\\/carmel\\\/#primaryimage\",\"url\":\"https:\\\/\\\/www.visualturismo.com.br\\\/wp-content\\\/uploads\\\/2026\\\/06\\\/capa_carmel_11zon.jpg\",\"contentUrl\":\"https:\\\/\\\/www.visualturismo.com.br\\\/wp-content\\\/uploads\\\/2026\\\/06\\\/capa_carmel_11zon.jpg\",\"width\":2560,\"height\":1709},{\"@type\":\"BreadcrumbList\",\"@id\":\"https:\\\/\\\/www.visualturismo.com.br\\\/indexphp\\\/%25postname\\\/carmel\\\/#breadcrumb\",\"itemListElement\":[{\"@type\":\"ListItem\",\"position\":1,\"name\":\"In\u00edcio\",\"item\":\"https:\\\/\\\/www.visualturismo.com.br\\\/\"},{\"@type\":\"ListItem\",\"position\":2,\"name\":\"#012 Venda Carmel\"}]},{\"@type\":\"WebSite\",\"@id\":\"https:\\\/\\\/www.visualturismo.com.br\\\/#website\",\"url\":\"https:\\\/\\\/www.visualturismo.com.br\\\/\",\"name\":\"Visual Turismo\",\"description\":\"Site de Viagens de Roteiros Nacionais e Internacionais\",\"publisher\":{\"@id\":\"https:\\\/\\\/www.visualturismo.com.br\\\/#organization\"},\"potentialAction\":[{\"@type\":\"SearchAction\",\"target\":{\"@type\":\"EntryPoint\",\"urlTemplate\":\"https:\\\/\\\/www.visualturismo.com.br\\\/?s={search_term_string}\"},\"query-input\":{\"@type\":\"PropertyValueSpecification\",\"valueRequired\":true,\"valueName\":\"search_term_string\"}}],\"inLanguage\":\"pt-BR\"},{\"@type\":\"Organization\",\"@id\":\"https:\\\/\\\/www.visualturismo.com.br\\\/#organization\",\"name\":\"Visual Turismo\",\"url\":\"https:\\\/\\\/www.visualturismo.com.br\\\/\",\"logo\":{\"@type\":\"ImageObject\",\"inLanguage\":\"pt-BR\",\"@id\":\"https:\\\/\\\/www.visualturismo.com.br\\\/#\\\/schema\\\/logo\\\/image\\\/\",\"url\":\"https:\\\/\\\/www.visualturismo.com.br\\\/wp-content\\\/uploads\\\/2023\\\/09\\\/Logo_VisualTurismo_Horizontal_Branco.png\",\"contentUrl\":\"https:\\\/\\\/www.visualturismo.com.br\\\/wp-content\\\/uploads\\\/2023\\\/09\\\/Logo_VisualTurismo_Horizontal_Branco.png\",\"width\":1203,\"height\":401,\"caption\":\"Visual Turismo\"},\"image\":{\"@id\":\"https:\\\/\\\/www.visualturismo.com.br\\\/#\\\/schema\\\/logo\\\/image\\\/\"}},{\"@type\":\"Person\",\"@id\":\"https:\\\/\\\/www.visualturismo.com.br\\\/#\\\/schema\\\/person\\\/7f2bd81ccd788e8fc2d3f05f35f485db\",\"name\":\"ADM Marketing\",\"image\":{\"@type\":\"ImageObject\",\"inLanguage\":\"pt-BR\",\"@id\":\"https:\\\/\\\/secure.gravatar.com\\\/avatar\\\/f269f1ba4d50c1c9fd0b422d5ec07e5f7d0f29ac74ba01b8e3791be7bd70c5c6?s=96&d=mm&r=g\",\"url\":\"https:\\\/\\\/secure.gravatar.com\\\/avatar\\\/f269f1ba4d50c1c9fd0b422d5ec07e5f7d0f29ac74ba01b8e3791be7bd70c5c6?s=96&d=mm&r=g\",\"contentUrl\":\"https:\\\/\\\/secure.gravatar.com\\\/avatar\\\/f269f1ba4d50c1c9fd0b422d5ec07e5f7d0f29ac74ba01b8e3791be7bd70c5c6?s=96&d=mm&r=g\",\"caption\":\"ADM Marketing\"},\"url\":\"https:\\\/\\\/www.visualturismo.com.br\\\/index.php\\\/author\\\/mkt_b2bcvccorp-com-br\\\/\"}]}<\/script>\n<!-- \/ Yoast SEO plugin. -->","yoast_head_json":{"title":"#012 Venda Carmel - Visual Turismo","description":"A Visual Turismo Prime, em parceria com Carmel Hot\u00e9is, preparou uma campanha especial para nossas ag\u00eancias parceiras.","robots":{"index":"index","follow":"follow","max-snippet":"max-snippet:-1","max-image-preview":"max-image-preview:large","max-video-preview":"max-video-preview:-1"},"canonical":"https:\/\/www.visualturismo.com.br\/indexphp\/%postname\/carmel\/","og_locale":"pt_BR","og_type":"article","og_title":"#012 Venda Carmel - Visual Turismo","og_description":"A Visual Turismo Prime, em parceria com Carmel Hot\u00e9is, preparou uma campanha especial para nossas ag\u00eancias parceiras.","og_url":"https:\/\/www.visualturismo.com.br\/indexphp\/%postname\/carmel\/","og_site_name":"Visual Turismo","article_published_time":"2026-06-07T13:09:27+00:00","article_modified_time":"2026-07-28T20:16:12+00:00","og_image":[{"width":2560,"height":1709,"url":"https:\/\/www.visualturismo.com.br\/wp-content\/uploads\/2026\/06\/capa_carmel_11zon.jpg","type":"image\/jpeg"}],"author":"ADM Marketing","twitter_card":"summary_large_image","twitter_misc":{"Escrito por":"ADM Marketing","Est. tempo de leitura":"4 minutos"},"schema":{"@context":"https:\/\/schema.org","@graph":[{"@type":"Article","@id":"https:\/\/www.visualturismo.com.br\/indexphp\/%25postname\/carmel\/#article","isPartOf":{"@id":"https:\/\/www.visualturismo.com.br\/indexphp\/%25postname\/carmel\/"},"author":{"name":"ADM Marketing","@id":"https:\/\/www.visualturismo.com.br\/#\/schema\/person\/7f2bd81ccd788e8fc2d3f05f35f485db"},"headline":"#012 Venda Carmel","datePublished":"2026-06-07T13:09:27+00:00","dateModified":"2026-07-28T20:16:12+00:00","mainEntityOfPage":{"@id":"https:\/\/www.visualturismo.com.br\/indexphp\/%25postname\/carmel\/"},"wordCount":518,"commentCount":0,"publisher":{"@id":"https:\/\/www.visualturismo.com.br\/#organization"},"image":{"@id":"https:\/\/www.visualturismo.com.br\/indexphp\/%25postname\/carmel\/#primaryimage"},"thumbnailUrl":"https:\/\/www.visualturismo.com.br\/wp-content\/uploads\/2026\/06\/capa_carmel_11zon.jpg","articleSection":["Prime"],"inLanguage":"pt-BR","potentialAction":[{"@type":"CommentAction","name":"Comment","target":["https:\/\/www.visualturismo.com.br\/indexphp\/%25postname\/carmel\/#respond"]}]},{"@type":"WebPage","@id":"https:\/\/www.visualturismo.com.br\/indexphp\/%25postname\/carmel\/","url":"https:\/\/www.visualturismo.com.br\/indexphp\/%25postname\/carmel\/","name":"#012 Venda Carmel - Visual Turismo","isPartOf":{"@id":"https:\/\/www.visualturismo.com.br\/#website"},"primaryImageOfPage":{"@id":"https:\/\/www.visualturismo.com.br\/indexphp\/%25postname\/carmel\/#primaryimage"},"image":{"@id":"https:\/\/www.visualturismo.com.br\/indexphp\/%25postname\/carmel\/#primaryimage"},"thumbnailUrl":"https:\/\/www.visualturismo.com.br\/wp-content\/uploads\/2026\/06\/capa_carmel_11zon.jpg","datePublished":"2026-06-07T13:09:27+00:00","dateModified":"2026-07-28T20:16:12+00:00","description":"A Visual Turismo Prime, em parceria com Carmel Hot\u00e9is, preparou uma campanha especial para nossas ag\u00eancias parceiras.","breadcrumb":{"@id":"https:\/\/www.visualturismo.com.br\/indexphp\/%25postname\/carmel\/#breadcrumb"},"inLanguage":"pt-BR","potentialAction":[{"@type":"ReadAction","target":["https:\/\/www.visualturismo.com.br\/indexphp\/%25postname\/carmel\/"]}]},{"@type":"ImageObject","inLanguage":"pt-BR","@id":"https:\/\/www.visualturismo.com.br\/indexphp\/%25postname\/carmel\/#primaryimage","url":"https:\/\/www.visualturismo.com.br\/wp-content\/uploads\/2026\/06\/capa_carmel_11zon.jpg","contentUrl":"https:\/\/www.visualturismo.com.br\/wp-content\/uploads\/2026\/06\/capa_carmel_11zon.jpg","width":2560,"height":1709},{"@type":"BreadcrumbList","@id":"https:\/\/www.visualturismo.com.br\/indexphp\/%25postname\/carmel\/#breadcrumb","itemListElement":[{"@type":"ListItem","position":1,"name":"In\u00edcio","item":"https:\/\/www.visualturismo.com.br\/"},{"@type":"ListItem","position":2,"name":"#012 Venda Carmel"}]},{"@type":"WebSite","@id":"https:\/\/www.visualturismo.com.br\/#website","url":"https:\/\/www.visualturismo.com.br\/","name":"Visual Turismo","description":"Site de Viagens de Roteiros Nacionais e Internacionais","publisher":{"@id":"https:\/\/www.visualturismo.com.br\/#organization"},"potentialAction":[{"@type":"SearchAction","target":{"@type":"EntryPoint","urlTemplate":"https:\/\/www.visualturismo.com.br\/?s={search_term_string}"},"query-input":{"@type":"PropertyValueSpecification","valueRequired":true,"valueName":"search_term_string"}}],"inLanguage":"pt-BR"},{"@type":"Organization","@id":"https:\/\/www.visualturismo.com.br\/#organization","name":"Visual Turismo","url":"https:\/\/www.visualturismo.com.br\/","logo":{"@type":"ImageObject","inLanguage":"pt-BR","@id":"https:\/\/www.visualturismo.com.br\/#\/schema\/logo\/image\/","url":"https:\/\/www.visualturismo.com.br\/wp-content\/uploads\/2023\/09\/Logo_VisualTurismo_Horizontal_Branco.png","contentUrl":"https:\/\/www.visualturismo.com.br\/wp-content\/uploads\/2023\/09\/Logo_VisualTurismo_Horizontal_Branco.png","width":1203,"height":401,"caption":"Visual Turismo"},"image":{"@id":"https:\/\/www.visualturismo.com.br\/#\/schema\/logo\/image\/"}},{"@type":"Person","@id":"https:\/\/www.visualturismo.com.br\/#\/schema\/person\/7f2bd81ccd788e8fc2d3f05f35f485db","name":"ADM Marketing","image":{"@type":"ImageObject","inLanguage":"pt-BR","@id":"https:\/\/secure.gravatar.com\/avatar\/f269f1ba4d50c1c9fd0b422d5ec07e5f7d0f29ac74ba01b8e3791be7bd70c5c6?s=96&d=mm&r=g","url":"https:\/\/secure.gravatar.com\/avatar\/f269f1ba4d50c1c9fd0b422d5ec07e5f7d0f29ac74ba01b8e3791be7bd70c5c6?s=96&d=mm&r=g","contentUrl":"https:\/\/secure.gravatar.com\/avatar\/f269f1ba4d50c1c9fd0b422d5ec07e5f7d0f29ac74ba01b8e3791be7bd70c5c6?s=96&d=mm&r=g","caption":"ADM Marketing"},"url":"https:\/\/www.visualturismo.com.br\/index.php\/author\/mkt_b2bcvccorp-com-br\/"}]}},"publishpress_future_action":{"enabled":false,"date":"2026-09-12 03:52:59","action":"change-status","newStatus":"trash","terms":[],"taxonomy":"category","extraData":[]},"publishpress_future_workflow_manual_trigger":{"enabledWorkflows":[]},"_links":{"self":[{"href":"https:\/\/www.visualturismo.com.br\/index.php\/wp-json\/wp\/v2\/posts\/94537","targetHints":{"allow":["GET"]}}],"collection":[{"href":"https:\/\/www.visualturismo.com.br\/index.php\/wp-json\/wp\/v2\/posts"}],"about":[{"href":"https:\/\/www.visualturismo.com.br\/index.php\/wp-json\/wp\/v2\/types\/post"}],"author":[{"embeddable":true,"href":"https:\/\/www.visualturismo.com.br\/index.php\/wp-json\/wp\/v2\/users\/124"}],"replies":[{"embeddable":true,"href":"https:\/\/www.visualturismo.com.br\/index.php\/wp-json\/wp\/v2\/comments?post=94537"}],"version-history":[{"count":4,"href":"https:\/\/www.visualturismo.com.br\/index.php\/wp-json\/wp\/v2\/posts\/94537\/revisions"}],"predecessor-version":[{"id":94547,"href":"https:\/\/www.visualturismo.com.br\/index.php\/wp-json\/wp\/v2\/posts\/94537\/revisions\/94547"}],"wp:featuredmedia":[{"embeddable":true,"href":"https:\/\/www.visualturismo.com.br\/index.php\/wp-json\/wp\/v2\/media\/94544"}],"wp:attachment":[{"href":"https:\/\/www.visualturismo.com.br\/index.php\/wp-json\/wp\/v2\/media?parent=94537"}],"wp:term":[{"taxonomy":"category","embeddable":true,"href":"https:\/\/www.visualturismo.com.br\/index.php\/wp-json\/wp\/v2\/categories?post=94537"},{"taxonomy":"post_tag","embeddable":true,"href":"https:\/\/www.visualturismo.com.br\/index.php\/wp-json\/wp\/v2\/tags?post=94537"}],"curies":[{"name":"wp","href":"https:\/\/api.w.org\/{rel}","templated":true}]}}